{"id":3828,"date":"2023-07-17T20:58:42","date_gmt":"2023-07-17T23:58:42","guid":{"rendered":"https:\/\/ibavancar.com\/?p=3828"},"modified":"2023-07-17T21:03:24","modified_gmt":"2023-07-18T00:03:24","slug":"acao-social-iba","status":"publish","type":"post","link":"https:\/\/ibavancar.com\/index.php\/2023\/07\/17\/acao-social-iba\/","title":{"rendered":"A\u00e7\u00e3o Social IBA"},"content":{"rendered":"\t\t<div data-elementor-type=\"wp-post\" data-elementor-id=\"3828\" class=\"elementor elementor-3828\">\n\t\t\t\t\t\t\t<div class=\"elementor-element elementor-element-7f62e3f e-con-boxed e-flex e-con\" data-id=\"7f62e3f\" data-element_type=\"container\" data-settings=\"{&quot;background_background&quot;:&quot;classic&quot;,&quot;content_width&quot;:&quot;boxed&quot;}\">\n\t\t\t\t\t<div class=\"e-con-inner\">\n\t\t<div class=\"elementor-element elementor-element-9a07b71 e-con-full e-flex e-con\" data-id=\"9a07b71\" data-element_type=\"container\" data-settings=\"{&quot;content_width&quot;:&quot;full&quot;,&quot;background_background&quot;:&quot;classic&quot;}\">\n\t\t\t\t<div class=\"elementor-element elementor-element-af89596 elementor-widget elementor-widget-image\" data-id=\"af89596\" data-element_type=\"widget\" data-widget_type=\"image.default\">\n\t\t\t\t<div class=\"elementor-widget-container\">\n\t\t\t<style>\/*! elementor - v3.13.3 - 22-05-2023 *\/\n.elementor-widget-image{text-align:center}.elementor-widget-image a{display:inline-block}.elementor-widget-image a img[src$=\".svg\"]{width:48px}.elementor-widget-image img{vertical-align:middle;display:inline-block}<\/style>\t\t\t\t\t\t\t\t\t\t\t\t<img decoding=\"async\" width=\"720\" height=\"1280\" src=\"https:\/\/ibavancar.com\/wp-content\/uploads\/2023\/06\/acao-social.jpg\" class=\"attachment-full size-full wp-image-3824\" alt=\"\" loading=\"lazy\" srcset=\"https:\/\/ibavancar.com\/wp-content\/uploads\/2023\/06\/acao-social.jpg 720w, https:\/\/ibavancar.com\/wp-content\/uploads\/2023\/06\/acao-social-169x300.jpg 169w, https:\/\/ibavancar.com\/wp-content\/uploads\/2023\/06\/acao-social-576x1024.jpg 576w, https:\/\/ibavancar.com\/wp-content\/uploads\/2023\/06\/acao-social-200x356.jpg 200w\" sizes=\"(max-width: 720px) 100vw, 720px\" \/>\t\t\t\t\t\t\t\t\t\t\t\t\t\t\t<\/div>\n\t\t\t\t<\/div>\n\t\t\t\t<div class=\"elementor-element elementor-element-129169d elementor-widget elementor-widget-text-editor\" data-id=\"129169d\" data-element_type=\"widget\" data-widget_type=\"text-editor.default\">\n\t\t\t\t<div class=\"elementor-widget-container\">\n\t\t\t<style>\/*! elementor - v3.13.3 - 22-05-2023 *\/\n.elementor-widget-text-editor.elementor-drop-cap-view-stacked .elementor-drop-cap{background-color:#69727d;color:#fff}.elementor-widget-text-editor.elementor-drop-cap-view-framed .elementor-drop-cap{color:#69727d;border:3px solid;background-color:transparent}.elementor-widget-text-editor:not(.elementor-drop-cap-view-default) .elementor-drop-cap{margin-top:8px}.elementor-widget-text-editor:not(.elementor-drop-cap-view-default) .elementor-drop-cap-letter{width:1em;height:1em}.elementor-widget-text-editor .elementor-drop-cap{float:left;text-align:center;line-height:1;font-size:50px}.elementor-widget-text-editor .elementor-drop-cap-letter{display:inline-block}<\/style>\t\t\t\t<p class=\"tm7\"><span class=\"tm8\">Em comemora\u00e7\u00e3o aos quarenta anos da Igreja Batista Avan\u00e7ar que fica localizada na Quadra 63, Casa 02 e 03 do Conjunto Saci. N\u00f3s estaremos promovendo um dia de a\u00e7\u00e3o social que vai acontecer no dia 09\/07\/2023 (S\u00e1bado) das 08h00 \u00e0s 15h00, no pr\u00e9dio do Projeto Caminho aberto que fica em frente da nossa Igreja.<\/span><\/p><p class=\"tm7\"><span class=\"tm8\">Voc\u00ea que \u00e9 da comunidade, n\u00e3o pode perder, pois ser\u00e3o oferecidos v\u00e1rios servi\u00e7os e voc\u00ea s\u00f3 preciso trazer um quilo de alimento. Para ser atendido por um Cl\u00ednico geral, traga um pacote de leite. Atendimento de Enfermagem, aferi\u00e7\u00e3o de press\u00e3o, voc\u00ea traz um quilo de arroz<\/span>. <span class=\"tm8\">Atendimento com uma Nutricionista traga um quilo de farinha. Atendimento Odontol\u00f3gico com ensino sobre a escova\u00e7\u00e3o e alguns servi\u00e7os simples voc\u00ea traz um quilo de feij\u00e3o. Na \u00e1rea psicol\u00f3gica vamos est\u00e1 orientando sobre ansiedade<\/span> <span class=\"tm8\">, depress\u00e3o e tamb\u00e9m ensinando algumas dicas de empregabilidade voc\u00ea s\u00f3 precisa trazer um litro \u00f3leo. Assessoria jur\u00eddica traga um quilo de a\u00e7\u00facar. Corte de cabelo traga dois pacotes de floc\u00e3o. E sobrancelha traga um pacote de biscoito<\/span>.<\/p>\t\t\t\t\t\t<\/div>\n\t\t\t\t<\/div>\n\t\t\t\t<\/div>\n\t\t\t\t\t<\/div>\n\t\t\t\t<\/div>\n\t\t\t\t\t\t\t<\/div>\n\t\t","protected":false},"excerpt":{"rendered":"<p>Em comemora\u00e7\u00e3o aos quarenta anos da Igreja Batista Avan\u00e7ar que fica localizada na Quadra 63, Casa 02 e 03 do Conjunto Saci. N\u00f3s estaremos promovendo um dia de a\u00e7\u00e3o social que vai acontecer no dia 09\/07\/2023 (S\u00e1bado) das 08h00 \u00e0s 15h00, no pr\u00e9dio do Projeto Caminho aberto que fica em frente da nossa Igreja. Voc\u00ea [&hellip;]<\/p>\n","protected":false},"author":2,"featured_media":3824,"comment_status":"closed","ping_status":"closed","sticky":false,"template":"","format":"standard","meta":[],"categories":[1],"tags":[],"bairros":[],"_links":{"self":[{"href":"https:\/\/ibavancar.com\/index.php\/wp-json\/wp\/v2\/posts\/3828"}],"collection":[{"href":"https:\/\/ibavancar.com\/index.php\/wp-json\/wp\/v2\/posts"}],"about":[{"href":"https:\/\/ibavancar.com\/index.php\/wp-json\/wp\/v2\/types\/post"}],"author":[{"embeddable":true,"href":"https:\/\/ibavancar.com\/index.php\/wp-json\/wp\/v2\/users\/2"}],"replies":[{"embeddable":true,"href":"https:\/\/ibavancar.com\/index.php\/wp-json\/wp\/v2\/comments?post=3828"}],"version-history":[{"count":14,"href":"https:\/\/ibavancar.com\/index.php\/wp-json\/wp\/v2\/posts\/3828\/revisions"}],"predecessor-version":[{"id":3842,"href":"https:\/\/ibavancar.com\/index.php\/wp-json\/wp\/v2\/posts\/3828\/revisions\/3842"}],"wp:featuredmedia":[{"embeddable":true,"href":"https:\/\/ibavancar.com\/index.php\/wp-json\/wp\/v2\/media\/3824"}],"wp:attachment":[{"href":"https:\/\/ibavancar.com\/index.php\/wp-json\/wp\/v2\/media?parent=3828"}],"wp:term":[{"taxonomy":"category","embeddable":true,"href":"https:\/\/ibavancar.com\/index.php\/wp-json\/wp\/v2\/categories?post=3828"},{"taxonomy":"post_tag","embeddable":true,"href":"https:\/\/ibavancar.com\/index.php\/wp-json\/wp\/v2\/tags?post=3828"},{"taxonomy":"bairros","embeddable":true,"href":"https:\/\/ibavancar.com\/index.php\/wp-json\/wp\/v2\/bairros?post=3828"}],"curies":[{"name":"wp","href":"https:\/\/api.w.org\/{rel}","templated":true}]}}