{"id":496,"date":"2023-05-15T14:31:00","date_gmt":"2023-05-15T17:31:00","guid":{"rendered":"https:\/\/ibavancar.com\/?p=496"},"modified":"2023-07-17T20:53:46","modified_gmt":"2023-07-17T23:53:46","slug":"campanha-de-doacao-de-sangue","status":"publish","type":"post","link":"https:\/\/ibavancar.com\/index.php\/2023\/05\/15\/campanha-de-doacao-de-sangue\/","title":{"rendered":"Campanha de Doa\u00e7\u00e3o de Sangue"},"content":{"rendered":"\t\t<div data-elementor-type=\"wp-post\" data-elementor-id=\"496\" class=\"elementor elementor-496\">\n\t\t\t\t\t\t\t<div class=\"elementor-element elementor-element-7f62e3f e-con-boxed e-flex e-con\" data-id=\"7f62e3f\" data-element_type=\"container\" data-settings=\"{&quot;background_background&quot;:&quot;classic&quot;,&quot;content_width&quot;:&quot;boxed&quot;}\">\n\t\t\t\t\t<div class=\"e-con-inner\">\n\t\t<div class=\"elementor-element elementor-element-9a07b71 e-con-full e-flex e-con\" data-id=\"9a07b71\" data-element_type=\"container\" data-settings=\"{&quot;content_width&quot;:&quot;full&quot;,&quot;background_background&quot;:&quot;classic&quot;}\">\n\t\t\t\t<div class=\"elementor-element elementor-element-af89596 elementor-widget elementor-widget-image\" data-id=\"af89596\" data-element_type=\"widget\" data-widget_type=\"image.default\">\n\t\t\t\t<div class=\"elementor-widget-container\">\n\t\t\t<style>\/*! elementor - v3.13.3 - 22-05-2023 *\/\n.elementor-widget-image{text-align:center}.elementor-widget-image a{display:inline-block}.elementor-widget-image a img[src$=\".svg\"]{width:48px}.elementor-widget-image img{vertical-align:middle;display:inline-block}<\/style>\t\t\t\t\t\t\t\t\t\t\t\t<img decoding=\"async\" width=\"1080\" height=\"1080\" src=\"https:\/\/ibavancar.com\/wp-content\/uploads\/2023\/05\/doacao-de-sangue.jpg\" class=\"attachment-full size-full wp-image-3808\" alt=\"\" loading=\"lazy\" srcset=\"https:\/\/ibavancar.com\/wp-content\/uploads\/2023\/05\/doacao-de-sangue.jpg 1080w, https:\/\/ibavancar.com\/wp-content\/uploads\/2023\/05\/doacao-de-sangue-300x300.jpg 300w, https:\/\/ibavancar.com\/wp-content\/uploads\/2023\/05\/doacao-de-sangue-1024x1024.jpg 1024w, https:\/\/ibavancar.com\/wp-content\/uploads\/2023\/05\/doacao-de-sangue-150x150.jpg 150w, https:\/\/ibavancar.com\/wp-content\/uploads\/2023\/05\/doacao-de-sangue-768x768.jpg 768w, https:\/\/ibavancar.com\/wp-content\/uploads\/2023\/05\/doacao-de-sangue-250x250.jpg 250w, https:\/\/ibavancar.com\/wp-content\/uploads\/2023\/05\/doacao-de-sangue-200x200.jpg 200w\" sizes=\"(max-width: 1080px) 100vw, 1080px\" \/>\t\t\t\t\t\t\t\t\t\t\t\t\t\t\t<\/div>\n\t\t\t\t<\/div>\n\t\t\t\t<div class=\"elementor-element elementor-element-129169d elementor-widget elementor-widget-text-editor\" data-id=\"129169d\" data-element_type=\"widget\" data-widget_type=\"text-editor.default\">\n\t\t\t\t<div class=\"elementor-widget-container\">\n\t\t\t<style>\/*! elementor - v3.13.3 - 22-05-2023 *\/\n.elementor-widget-text-editor.elementor-drop-cap-view-stacked .elementor-drop-cap{background-color:#69727d;color:#fff}.elementor-widget-text-editor.elementor-drop-cap-view-framed .elementor-drop-cap{color:#69727d;border:3px solid;background-color:transparent}.elementor-widget-text-editor:not(.elementor-drop-cap-view-default) .elementor-drop-cap{margin-top:8px}.elementor-widget-text-editor:not(.elementor-drop-cap-view-default) .elementor-drop-cap-letter{width:1em;height:1em}.elementor-widget-text-editor .elementor-drop-cap{float:left;text-align:center;line-height:1;font-size:50px}.elementor-widget-text-editor .elementor-drop-cap-letter{display:inline-block}<\/style>\t\t\t\t<p>Em comemora\u00e7\u00e3o ao anivers\u00e1rio da nossa igreja, estamos promovendo uma campanha de doa\u00e7\u00e3o de sangue em parceria com o Hemopi. Como crist\u00e3os, acreditamos que \u00e9 importante amar e cuidar do nosso pr\u00f3ximo, e essa \u00e9 uma forma pr\u00e1tica de fazer isso.<\/p><p>A doa\u00e7\u00e3o de sangue \u00e9 um gesto de amor e solidariedade que pode salvar vidas. Por isso, pedimos a colabora\u00e7\u00e3o de todos aqueles que desejam participar desta campanha t\u00e3o importante e aben\u00e7oada.<\/p><p>Data: 01\/07\/2023<\/p><p>Hor\u00e1rio: 07h45<\/p><p>O \u00f4nibus partir\u00e1 da Igreja para o Hemopi \u00e0s 08h00<\/p>\t\t\t\t\t\t<\/div>\n\t\t\t\t<\/div>\n\t\t\t\t<\/div>\n\t\t\t\t\t<\/div>\n\t\t\t\t<\/div>\n\t\t\t\t\t\t\t<\/div>\n\t\t","protected":false},"excerpt":{"rendered":"<p>Em comemora\u00e7\u00e3o ao anivers\u00e1rio da nossa igreja, estamos promovendo uma campanha de doa\u00e7\u00e3o de sangue em parceria com o Hemopi. Como crist\u00e3os, acreditamos que \u00e9 importante amar e cuidar do nosso pr\u00f3ximo, e essa \u00e9 uma forma pr\u00e1tica de fazer isso. A doa\u00e7\u00e3o de sangue \u00e9 um gesto de amor e solidariedade que pode salvar [&hellip;]<\/p>\n","protected":false},"author":1,"featured_media":3808,"comment_status":"closed","ping_status":"closed","sticky":false,"template":"","format":"standard","meta":[],"categories":[1],"tags":[],"bairros":[],"_links":{"self":[{"href":"https:\/\/ibavancar.com\/index.php\/wp-json\/wp\/v2\/posts\/496"}],"collection":[{"href":"https:\/\/ibavancar.com\/index.php\/wp-json\/wp\/v2\/posts"}],"about":[{"href":"https:\/\/ibavancar.com\/index.php\/wp-json\/wp\/v2\/types\/post"}],"author":[{"embeddable":true,"href":"https:\/\/ibavancar.com\/index.php\/wp-json\/wp\/v2\/users\/1"}],"replies":[{"embeddable":true,"href":"https:\/\/ibavancar.com\/index.php\/wp-json\/wp\/v2\/comments?post=496"}],"version-history":[{"count":146,"href":"https:\/\/ibavancar.com\/index.php\/wp-json\/wp\/v2\/posts\/496\/revisions"}],"predecessor-version":[{"id":3822,"href":"https:\/\/ibavancar.com\/index.php\/wp-json\/wp\/v2\/posts\/496\/revisions\/3822"}],"wp:featuredmedia":[{"embeddable":true,"href":"https:\/\/ibavancar.com\/index.php\/wp-json\/wp\/v2\/media\/3808"}],"wp:attachment":[{"href":"https:\/\/ibavancar.com\/index.php\/wp-json\/wp\/v2\/media?parent=496"}],"wp:term":[{"taxonomy":"category","embeddable":true,"href":"https:\/\/ibavancar.com\/index.php\/wp-json\/wp\/v2\/categories?post=496"},{"taxonomy":"post_tag","embeddable":true,"href":"https:\/\/ibavancar.com\/index.php\/wp-json\/wp\/v2\/tags?post=496"},{"taxonomy":"bairros","embeddable":true,"href":"https:\/\/ibavancar.com\/index.php\/wp-json\/wp\/v2\/bairros?post=496"}],"curies":[{"name":"wp","href":"https:\/\/api.w.org\/{rel}","templated":true}]}}